{"id":112,"date":"2025-01-23T00:08:30","date_gmt":"2025-01-23T03:08:30","guid":{"rendered":"https:\/\/vinteconto.com.br\/mashein\/?p=112"},"modified":"2025-01-23T00:17:22","modified_gmt":"2025-01-23T03:17:22","slug":"harmonizacao-facial-bizarro-ou-legal","status":"publish","type":"post","link":"https:\/\/vinteconto.com.br\/mashein\/harmonizacao-facial-bizarro-ou-legal\/","title":{"rendered":"Harmoniza\u00e7\u00e3o Facial: Bizarro ou legal?"},"content":{"rendered":"\n<p>Harmoniza\u00e7\u00e3o facial \u00e9 um procedimento que parece ter virado febre principalmente entre os famosos. Entre um preenchimento aqui, um botox ali e uns fios de sustenta\u00e7\u00e3o acol\u00e1, uma pessoa pode rejuvenescer e melhorar a apar\u00eancia.<\/p>\n\n\n\n<p>Mas e quando este procedimento \u00e9 feito sem necessidade aparente e o pior, acaba por completamente deformar uma pessoa?<\/p>\n\n\n\n<p>Pessoas, antes naturais com poucas imperfei\u00e7\u00f5es, podem acabar assim:<\/p>\n\n\n\n<h2 class=\"wp-block-heading\"><strong>Exagero nos caracter\u00edsticas faciais<\/strong><\/h2>\n\n\n\n<figure class=\"wp-block-image size-large\"><img loading=\"lazy\" decoding=\"async\" width=\"1024\" height=\"1024\" src=\"https:\/\/vinteconto.com.br\/mashein\/wp-content\/uploads\/2025\/01\/exagero-nas-caracteristicas-faciais-1024x1024.jpg\" alt=\"famoso antes e depois harmonoza\u00e7\u00e3o facial\" class=\"wp-image-115\" srcset=\"https:\/\/vinteconto.com.br\/mashein\/wp-content\/uploads\/2025\/01\/exagero-nas-caracteristicas-faciais-1024x1024.jpg 1024w, https:\/\/vinteconto.com.br\/mashein\/wp-content\/uploads\/2025\/01\/exagero-nas-caracteristicas-faciais-300x300.jpg 300w, https:\/\/vinteconto.com.br\/mashein\/wp-content\/uploads\/2025\/01\/exagero-nas-caracteristicas-faciais-150x150.jpg 150w, https:\/\/vinteconto.com.br\/mashein\/wp-content\/uploads\/2025\/01\/exagero-nas-caracteristicas-faciais-768x768.jpg 768w, https:\/\/vinteconto.com.br\/mashein\/wp-content\/uploads\/2025\/01\/exagero-nas-caracteristicas-faciais.jpg 1080w\" sizes=\"auto, (max-width: 1024px) 100vw, 1024px\" \/><\/figure>\n\n\n\n<p>N\u00e3o \u00e9 raro ver uma pessoa que passou pelo procedimento de harmoniza\u00e7\u00e3o facial ficar com as caracter\u00edsticas faciais totalmente desarmonizadas como bochechas e l\u00e1bios enormes, al\u00e9m de sobrancelhas levantadas demais.<\/p>\n\n\n\n<h2 class=\"wp-block-heading\"><strong>Perda de express\u00f5es faciais naturais<\/strong><\/h2>\n\n\n\n<figure class=\"wp-block-image size-large\"><img loading=\"lazy\" decoding=\"async\" width=\"1024\" height=\"1024\" src=\"https:\/\/vinteconto.com.br\/mashein\/wp-content\/uploads\/2025\/01\/perda-de-expressoes-faciais-1024x1024.jpg\" alt=\"famosa sem express\u00e3o facial devido ao excesso de preenchimentos faciais\" class=\"wp-image-116\" srcset=\"https:\/\/vinteconto.com.br\/mashein\/wp-content\/uploads\/2025\/01\/perda-de-expressoes-faciais-1024x1024.jpg 1024w, https:\/\/vinteconto.com.br\/mashein\/wp-content\/uploads\/2025\/01\/perda-de-expressoes-faciais-300x300.jpg 300w, https:\/\/vinteconto.com.br\/mashein\/wp-content\/uploads\/2025\/01\/perda-de-expressoes-faciais-150x150.jpg 150w, https:\/\/vinteconto.com.br\/mashein\/wp-content\/uploads\/2025\/01\/perda-de-expressoes-faciais-768x768.jpg 768w, https:\/\/vinteconto.com.br\/mashein\/wp-content\/uploads\/2025\/01\/perda-de-expressoes-faciais.jpg 1080w\" sizes=\"auto, (max-width: 1024px) 100vw, 1024px\" \/><\/figure>\n\n\n\n<p>Uma outra coisa que geralmente ocorre \u00e9 a perda de express\u00f5es faciais naturais, reconhecidas pelos humanos. Ao inv\u00e9s de haver uma franzida na testa ao se surpreender, ou uma covinha nas bochechas ao sorrir, as fei\u00e7\u00f5es do rosto ficam esticadas como se a pele fosse um pl\u00e1stico duro.<\/p>\n\n\n\n<h2 class=\"wp-block-heading\"><strong>Um procedimento de risco que virou moda<\/strong><\/h2>\n\n\n\n<figure class=\"wp-block-image size-large\"><img loading=\"lazy\" decoding=\"async\" width=\"1024\" height=\"1024\" src=\"https:\/\/vinteconto.com.br\/mashein\/wp-content\/uploads\/2025\/01\/procedimento-de-risco-1024x1024.jpg\" alt=\"\" class=\"wp-image-117\" srcset=\"https:\/\/vinteconto.com.br\/mashein\/wp-content\/uploads\/2025\/01\/procedimento-de-risco-1024x1024.jpg 1024w, https:\/\/vinteconto.com.br\/mashein\/wp-content\/uploads\/2025\/01\/procedimento-de-risco-300x300.jpg 300w, https:\/\/vinteconto.com.br\/mashein\/wp-content\/uploads\/2025\/01\/procedimento-de-risco-150x150.jpg 150w, https:\/\/vinteconto.com.br\/mashein\/wp-content\/uploads\/2025\/01\/procedimento-de-risco-768x768.jpg 768w, https:\/\/vinteconto.com.br\/mashein\/wp-content\/uploads\/2025\/01\/procedimento-de-risco.jpg 1080w\" sizes=\"auto, (max-width: 1024px) 100vw, 1024px\" \/><\/figure>\n\n\n\n<p>Apesar do procedimento ser bastante arriscado, j\u00e1 virou moda entre celebridades ou entre aqueles com poder aquisitivo alto, influenciando toda uma nova gera\u00e7\u00e3o.&nbsp;<\/p>\n\n\n\n<p>Mas, onde ser\u00e1 que isso vai parar?<\/p>\n\n\n\n<p>Ser\u00e1 que esta tend\u00eancia vai virar padr\u00e3o e n\u00f3s pobres mortais, vamos ter que enfiar a cara nas colmeias e deixar as abelhas nos picar \u00e0 vontade?<\/p>\n\n\n\n<p>Sei l\u00e1, mas afinal, o que envolve este tratamento est\u00e9tico?<\/p>\n\n\n\n<h3 class=\"wp-block-heading\"><strong>Seguem alguns dos elementos utilizados na harmoniza\u00e7\u00e3o facial:<\/strong><\/h3>\n\n\n\n<ul class=\"wp-block-list\">\n<li>Preenchimentos faciais de \u00c1cido Hialur\u00f4nico para corrigir linhas e modelar as \u00e1reas prominentes do rosto como bochechas mand\u00edbulas e l\u00e1bios, por exemplo.<\/li>\n\n\n\n<li>Botox para relaxar os m\u00fasculos que atuam nas linhas de express\u00e3o<\/li>\n\n\n\n<li>Bioestimuladores de col\u00e1geno para melhorar a elasticidade da pele<\/li>\n\n\n\n<li>Fios de sustenta\u00e7\u00e3o para suavizar os tecidos do rosto<\/li>\n<\/ul>\n\n\n\n<p>Entre outras t\u00e9cnicas como: Lipo da papada, peelings, lazer e bichectomia (remo\u00e7\u00e3o das bolas de Bichat).<\/p>\n\n\n\n<h2 class=\"wp-block-heading\"><strong>Conscientiza\u00e7\u00e3o sobre os riscos da harmoniza\u00e7\u00e3o facial&nbsp;<\/strong><\/h2>\n\n\n\n<figure class=\"wp-block-image size-large\"><img loading=\"lazy\" decoding=\"async\" width=\"1024\" height=\"1024\" src=\"https:\/\/vinteconto.com.br\/mashein\/wp-content\/uploads\/2025\/01\/conscientizacao-sobre-os-riscos-da-harmonizacao-facial-1024x1024.jpg\" alt=\"famosos-conscientizam-sobre-os-riscos-da-harmonizacao-facial\n\" class=\"wp-image-118\" srcset=\"https:\/\/vinteconto.com.br\/mashein\/wp-content\/uploads\/2025\/01\/conscientizacao-sobre-os-riscos-da-harmonizacao-facial-1024x1024.jpg 1024w, https:\/\/vinteconto.com.br\/mashein\/wp-content\/uploads\/2025\/01\/conscientizacao-sobre-os-riscos-da-harmonizacao-facial-300x300.jpg 300w, https:\/\/vinteconto.com.br\/mashein\/wp-content\/uploads\/2025\/01\/conscientizacao-sobre-os-riscos-da-harmonizacao-facial-150x150.jpg 150w, https:\/\/vinteconto.com.br\/mashein\/wp-content\/uploads\/2025\/01\/conscientizacao-sobre-os-riscos-da-harmonizacao-facial-768x768.jpg 768w, https:\/\/vinteconto.com.br\/mashein\/wp-content\/uploads\/2025\/01\/conscientizacao-sobre-os-riscos-da-harmonizacao-facial.jpg 1080w\" sizes=\"auto, (max-width: 1024px) 100vw, 1024px\" \/><\/figure>\n\n\n\n<p>J\u00e1 que as celebridades est\u00e3o continuamente influenciando o p\u00fablico com esta tend\u00eancia, esperamos que sejam respons\u00e1veis para conscientizar sobre os fatores de risco destas pl\u00e1sticas n\u00e3o cir\u00fargicas.<\/p>\n\n\n\n<h3 class=\"wp-block-heading\"><strong>Enfim, quais s\u00e3o alguns dos riscos deste procedimento?<\/strong><\/h3>\n\n\n\n<ul class=\"wp-block-list\">\n<li>Infec\u00e7\u00f5es\u00a0<\/li>\n\n\n\n<li>Danos aos nervos<\/li>\n\n\n\n<li>Maiores deforma\u00e7\u00f5es ao se tentar reverter o procedimento<\/li>\n<\/ul>\n\n\n\n<h2 class=\"wp-block-heading\"><strong>Harmoniza\u00e7\u00e3o facial: Voc\u00ea faria?<\/strong><\/h2>\n\n\n\n<figure class=\"wp-block-image size-large\"><img loading=\"lazy\" decoding=\"async\" width=\"1024\" height=\"1024\" src=\"https:\/\/vinteconto.com.br\/mashein\/wp-content\/uploads\/2025\/01\/voce-faria-harmonizacao-facial-1024x1024.jpg\" alt=\"\" class=\"wp-image-119\" srcset=\"https:\/\/vinteconto.com.br\/mashein\/wp-content\/uploads\/2025\/01\/voce-faria-harmonizacao-facial-1024x1024.jpg 1024w, https:\/\/vinteconto.com.br\/mashein\/wp-content\/uploads\/2025\/01\/voce-faria-harmonizacao-facial-300x300.jpg 300w, https:\/\/vinteconto.com.br\/mashein\/wp-content\/uploads\/2025\/01\/voce-faria-harmonizacao-facial-150x150.jpg 150w, https:\/\/vinteconto.com.br\/mashein\/wp-content\/uploads\/2025\/01\/voce-faria-harmonizacao-facial-768x768.jpg 768w, https:\/\/vinteconto.com.br\/mashein\/wp-content\/uploads\/2025\/01\/voce-faria-harmonizacao-facial.jpg 1080w\" sizes=\"auto, (max-width: 1024px) 100vw, 1024px\" \/><\/figure>\n\n\n\n<p>Agora que voc\u00ea conhece mais um pouco sobre o procedimento de harmoniza\u00e7\u00e3o facial, voc\u00ea acha que os riscos s\u00e3o maiores ou menores do que os benef\u00edcios.&nbsp;<\/p>\n\n\n\n<p>Voc\u00ea acha que vale a pena?<\/p>\n\n\n\n<p>Estamos ansiosos para ouvir a sua opini\u00e3o nos coment\u00e1rios.<\/p>\n\n\n\n<p><\/p>\n","protected":false},"excerpt":{"rendered":"<p>Harmoniza\u00e7\u00e3o facial \u00e9 um procedimento que parece ter virado febre principalmente entre os famosos. Entre um preenchimento aqui, um botox ali e uns fios de sustenta\u00e7\u00e3o acol\u00e1, uma pessoa pode&hellip;<\/p>\n","protected":false},"author":1,"featured_media":114,"comment_status":"open","ping_status":"open","sticky":false,"template":"","format":"standard","meta":{"footnotes":""},"categories":[48],"tags":[46,42,44,43,41,47,40,45],"class_list":["post-112","post","type-post","status-publish","format-standard","has-post-thumbnail","hentry","category-cultura-pop","tag-bioestimuladores","tag-bizarro","tag-botox","tag-cirurgia-plastica","tag-famosos","tag-fios-de-sustentacao","tag-harmonizacao-facial","tag-preenchimentos-faciais"],"yoast_head":"<!-- This site is optimized with the Yoast SEO plugin v24.2 - https:\/\/yoast.com\/wordpress\/plugins\/seo\/ -->\n<title>Harmoniza\u00e7\u00e3o Facial: Bizarro ou legal? - Mas Hein<\/title>\n<meta name=\"description\" content=\"Harmoniza\u00e7\u00e3o facial \u00e9 um procedimento que parece ter virado febre principalmente entre os famosos. Entre um preenchimento aqui, um botox ali.\" \/>\n<meta name=\"robots\" content=\"index, follow, max-snippet:-1, max-image-preview:large, max-video-preview:-1\" \/>\n<link rel=\"canonical\" href=\"https:\/\/vinteconto.com.br\/mashein\/harmonizacao-facial-bizarro-ou-legal\/\" \/>\n<meta property=\"og:locale\" content=\"pt_BR\" \/>\n<meta property=\"og:type\" content=\"article\" \/>\n<meta property=\"og:title\" content=\"Harmoniza\u00e7\u00e3o Facial: Bizarro ou legal? - Mas Hein\" \/>\n<meta property=\"og:description\" content=\"Harmoniza\u00e7\u00e3o facial \u00e9 um procedimento que parece ter virado febre principalmente entre os famosos. Entre um preenchimento aqui, um botox ali.\" \/>\n<meta property=\"og:url\" content=\"https:\/\/vinteconto.com.br\/mashein\/harmonizacao-facial-bizarro-ou-legal\/\" \/>\n<meta property=\"og:site_name\" content=\"Mas Hein\" \/>\n<meta property=\"article:published_time\" content=\"2025-01-23T03:08:30+00:00\" \/>\n<meta property=\"article:modified_time\" content=\"2025-01-23T03:17:22+00:00\" \/>\n<meta property=\"og:image\" content=\"https:\/\/vinteconto.com.br\/mashein\/wp-content\/uploads\/2025\/01\/harmonizacao-facial.jpg\" \/>\n\t<meta property=\"og:image:width\" content=\"1080\" \/>\n\t<meta property=\"og:image:height\" content=\"1080\" \/>\n\t<meta property=\"og:image:type\" content=\"image\/jpeg\" \/>\n<meta name=\"author\" content=\"Mas Hein\" \/>\n<meta name=\"twitter:card\" content=\"summary_large_image\" \/>\n<meta name=\"twitter:label1\" content=\"Escrito por\" \/>\n\t<meta name=\"twitter:data1\" content=\"Mas Hein\" \/>\n\t<meta name=\"twitter:label2\" content=\"Est. tempo de leitura\" \/>\n\t<meta name=\"twitter:data2\" content=\"4 minutos\" \/>\n<script type=\"application\/ld+json\" class=\"yoast-schema-graph\">{\"@context\":\"https:\/\/schema.org\",\"@graph\":[{\"@type\":\"Article\",\"@id\":\"https:\/\/vinteconto.com.br\/mashein\/harmonizacao-facial-bizarro-ou-legal\/#article\",\"isPartOf\":{\"@id\":\"https:\/\/vinteconto.com.br\/mashein\/harmonizacao-facial-bizarro-ou-legal\/\"},\"author\":{\"name\":\"Mas Hein\",\"@id\":\"https:\/\/vinteconto.com.br\/mashein\/#\/schema\/person\/63d07bbf80ce54b780ef230d19b6cd42\"},\"headline\":\"Harmoniza\u00e7\u00e3o Facial: Bizarro ou legal?\",\"datePublished\":\"2025-01-23T03:08:30+00:00\",\"dateModified\":\"2025-01-23T03:17:22+00:00\",\"mainEntityOfPage\":{\"@id\":\"https:\/\/vinteconto.com.br\/mashein\/harmonizacao-facial-bizarro-ou-legal\/\"},\"wordCount\":450,\"commentCount\":1,\"publisher\":{\"@id\":\"https:\/\/vinteconto.com.br\/mashein\/#organization\"},\"image\":{\"@id\":\"https:\/\/vinteconto.com.br\/mashein\/harmonizacao-facial-bizarro-ou-legal\/#primaryimage\"},\"thumbnailUrl\":\"https:\/\/vinteconto.com.br\/mashein\/wp-content\/uploads\/2025\/01\/harmonizacao-facial.jpg\",\"keywords\":[\"bioestimuladores\",\"bizarro\",\"botox\",\"cirurgia pl\u00e1stica\",\"famosos\",\"fios de sustenta\u00e7\u00e3o\",\"harmoniza\u00e7\u00e3o facial\",\"preenchimentos faciais\"],\"articleSection\":[\"Cultura Pop\"],\"inLanguage\":\"pt-BR\",\"potentialAction\":[{\"@type\":\"CommentAction\",\"name\":\"Comment\",\"target\":[\"https:\/\/vinteconto.com.br\/mashein\/harmonizacao-facial-bizarro-ou-legal\/#respond\"]}]},{\"@type\":\"WebPage\",\"@id\":\"https:\/\/vinteconto.com.br\/mashein\/harmonizacao-facial-bizarro-ou-legal\/\",\"url\":\"https:\/\/vinteconto.com.br\/mashein\/harmonizacao-facial-bizarro-ou-legal\/\",\"name\":\"Harmoniza\u00e7\u00e3o Facial: Bizarro ou legal? - Mas Hein\",\"isPartOf\":{\"@id\":\"https:\/\/vinteconto.com.br\/mashein\/#website\"},\"primaryImageOfPage\":{\"@id\":\"https:\/\/vinteconto.com.br\/mashein\/harmonizacao-facial-bizarro-ou-legal\/#primaryimage\"},\"image\":{\"@id\":\"https:\/\/vinteconto.com.br\/mashein\/harmonizacao-facial-bizarro-ou-legal\/#primaryimage\"},\"thumbnailUrl\":\"https:\/\/vinteconto.com.br\/mashein\/wp-content\/uploads\/2025\/01\/harmonizacao-facial.jpg\",\"datePublished\":\"2025-01-23T03:08:30+00:00\",\"dateModified\":\"2025-01-23T03:17:22+00:00\",\"description\":\"Harmoniza\u00e7\u00e3o facial \u00e9 um procedimento que parece ter virado febre principalmente entre os famosos. Entre um preenchimento aqui, um botox ali.\",\"breadcrumb\":{\"@id\":\"https:\/\/vinteconto.com.br\/mashein\/harmonizacao-facial-bizarro-ou-legal\/#breadcrumb\"},\"inLanguage\":\"pt-BR\",\"potentialAction\":[{\"@type\":\"ReadAction\",\"target\":[\"https:\/\/vinteconto.com.br\/mashein\/harmonizacao-facial-bizarro-ou-legal\/\"]}]},{\"@type\":\"ImageObject\",\"inLanguage\":\"pt-BR\",\"@id\":\"https:\/\/vinteconto.com.br\/mashein\/harmonizacao-facial-bizarro-ou-legal\/#primaryimage\",\"url\":\"https:\/\/vinteconto.com.br\/mashein\/wp-content\/uploads\/2025\/01\/harmonizacao-facial.jpg\",\"contentUrl\":\"https:\/\/vinteconto.com.br\/mashein\/wp-content\/uploads\/2025\/01\/harmonizacao-facial.jpg\",\"width\":1080,\"height\":1080,\"caption\":\"Modelo com procedimento de harmoniza\u00e7\u00e3o labial com resultado exagerado\"},{\"@type\":\"BreadcrumbList\",\"@id\":\"https:\/\/vinteconto.com.br\/mashein\/harmonizacao-facial-bizarro-ou-legal\/#breadcrumb\",\"itemListElement\":[{\"@type\":\"ListItem\",\"position\":1,\"name\":\"Home\",\"item\":\"https:\/\/vinteconto.com.br\/mashein\/\"},{\"@type\":\"ListItem\",\"position\":2,\"name\":\"Harmoniza\u00e7\u00e3o Facial: Bizarro ou legal?\"}]},{\"@type\":\"WebSite\",\"@id\":\"https:\/\/vinteconto.com.br\/mashein\/#website\",\"url\":\"https:\/\/vinteconto.com.br\/mashein\/\",\"name\":\"Mas Hein\",\"description\":\"Cultura Pop, Motiva\u00e7\u00e3o e Humor\",\"publisher\":{\"@id\":\"https:\/\/vinteconto.com.br\/mashein\/#organization\"},\"potentialAction\":[{\"@type\":\"SearchAction\",\"target\":{\"@type\":\"EntryPoint\",\"urlTemplate\":\"https:\/\/vinteconto.com.br\/mashein\/?s={search_term_string}\"},\"query-input\":{\"@type\":\"PropertyValueSpecification\",\"valueRequired\":true,\"valueName\":\"search_term_string\"}}],\"inLanguage\":\"pt-BR\"},{\"@type\":\"Organization\",\"@id\":\"https:\/\/vinteconto.com.br\/mashein\/#organization\",\"name\":\"Mas Hein\",\"url\":\"https:\/\/vinteconto.com.br\/mashein\/\",\"logo\":{\"@type\":\"ImageObject\",\"inLanguage\":\"pt-BR\",\"@id\":\"https:\/\/vinteconto.com.br\/mashein\/#\/schema\/logo\/image\/\",\"url\":\"https:\/\/vinteconto.com.br\/mashein\/wp-content\/uploads\/2025\/01\/mas-hein-logo.png\",\"contentUrl\":\"https:\/\/vinteconto.com.br\/mashein\/wp-content\/uploads\/2025\/01\/mas-hein-logo.png\",\"width\":600,\"height\":200,\"caption\":\"Mas Hein\"},\"image\":{\"@id\":\"https:\/\/vinteconto.com.br\/mashein\/#\/schema\/logo\/image\/\"}},{\"@type\":\"Person\",\"@id\":\"https:\/\/vinteconto.com.br\/mashein\/#\/schema\/person\/63d07bbf80ce54b780ef230d19b6cd42\",\"name\":\"Mas Hein\",\"image\":{\"@type\":\"ImageObject\",\"inLanguage\":\"pt-BR\",\"@id\":\"https:\/\/vinteconto.com.br\/mashein\/#\/schema\/person\/image\/\",\"url\":\"https:\/\/secure.gravatar.com\/avatar\/26e1357b2fb0ce701e2980a9c996c193?s=96&d=mm&r=g\",\"contentUrl\":\"https:\/\/secure.gravatar.com\/avatar\/26e1357b2fb0ce701e2980a9c996c193?s=96&d=mm&r=g\",\"caption\":\"Mas Hein\"},\"sameAs\":[\"https:\/\/vinteconto.com.br\/mashein\"],\"url\":\"https:\/\/vinteconto.com.br\/mashein\/author\/mas-hein\/\"}]}<\/script>\n<!-- \/ Yoast SEO plugin. -->","yoast_head_json":{"title":"Harmoniza\u00e7\u00e3o Facial: Bizarro ou legal? - Mas Hein","description":"Harmoniza\u00e7\u00e3o facial \u00e9 um procedimento que parece ter virado febre principalmente entre os famosos. Entre um preenchimento aqui, um botox ali.","robots":{"index":"index","follow":"follow","max-snippet":"max-snippet:-1","max-image-preview":"max-image-preview:large","max-video-preview":"max-video-preview:-1"},"canonical":"https:\/\/vinteconto.com.br\/mashein\/harmonizacao-facial-bizarro-ou-legal\/","og_locale":"pt_BR","og_type":"article","og_title":"Harmoniza\u00e7\u00e3o Facial: Bizarro ou legal? - Mas Hein","og_description":"Harmoniza\u00e7\u00e3o facial \u00e9 um procedimento que parece ter virado febre principalmente entre os famosos. Entre um preenchimento aqui, um botox ali.","og_url":"https:\/\/vinteconto.com.br\/mashein\/harmonizacao-facial-bizarro-ou-legal\/","og_site_name":"Mas Hein","article_published_time":"2025-01-23T03:08:30+00:00","article_modified_time":"2025-01-23T03:17:22+00:00","og_image":[{"width":1080,"height":1080,"url":"https:\/\/vinteconto.com.br\/mashein\/wp-content\/uploads\/2025\/01\/harmonizacao-facial.jpg","type":"image\/jpeg"}],"author":"Mas Hein","twitter_card":"summary_large_image","twitter_misc":{"Escrito por":"Mas Hein","Est. tempo de leitura":"4 minutos"},"schema":{"@context":"https:\/\/schema.org","@graph":[{"@type":"Article","@id":"https:\/\/vinteconto.com.br\/mashein\/harmonizacao-facial-bizarro-ou-legal\/#article","isPartOf":{"@id":"https:\/\/vinteconto.com.br\/mashein\/harmonizacao-facial-bizarro-ou-legal\/"},"author":{"name":"Mas Hein","@id":"https:\/\/vinteconto.com.br\/mashein\/#\/schema\/person\/63d07bbf80ce54b780ef230d19b6cd42"},"headline":"Harmoniza\u00e7\u00e3o Facial: Bizarro ou legal?","datePublished":"2025-01-23T03:08:30+00:00","dateModified":"2025-01-23T03:17:22+00:00","mainEntityOfPage":{"@id":"https:\/\/vinteconto.com.br\/mashein\/harmonizacao-facial-bizarro-ou-legal\/"},"wordCount":450,"commentCount":1,"publisher":{"@id":"https:\/\/vinteconto.com.br\/mashein\/#organization"},"image":{"@id":"https:\/\/vinteconto.com.br\/mashein\/harmonizacao-facial-bizarro-ou-legal\/#primaryimage"},"thumbnailUrl":"https:\/\/vinteconto.com.br\/mashein\/wp-content\/uploads\/2025\/01\/harmonizacao-facial.jpg","keywords":["bioestimuladores","bizarro","botox","cirurgia pl\u00e1stica","famosos","fios de sustenta\u00e7\u00e3o","harmoniza\u00e7\u00e3o facial","preenchimentos faciais"],"articleSection":["Cultura Pop"],"inLanguage":"pt-BR","potentialAction":[{"@type":"CommentAction","name":"Comment","target":["https:\/\/vinteconto.com.br\/mashein\/harmonizacao-facial-bizarro-ou-legal\/#respond"]}]},{"@type":"WebPage","@id":"https:\/\/vinteconto.com.br\/mashein\/harmonizacao-facial-bizarro-ou-legal\/","url":"https:\/\/vinteconto.com.br\/mashein\/harmonizacao-facial-bizarro-ou-legal\/","name":"Harmoniza\u00e7\u00e3o Facial: Bizarro ou legal? - Mas Hein","isPartOf":{"@id":"https:\/\/vinteconto.com.br\/mashein\/#website"},"primaryImageOfPage":{"@id":"https:\/\/vinteconto.com.br\/mashein\/harmonizacao-facial-bizarro-ou-legal\/#primaryimage"},"image":{"@id":"https:\/\/vinteconto.com.br\/mashein\/harmonizacao-facial-bizarro-ou-legal\/#primaryimage"},"thumbnailUrl":"https:\/\/vinteconto.com.br\/mashein\/wp-content\/uploads\/2025\/01\/harmonizacao-facial.jpg","datePublished":"2025-01-23T03:08:30+00:00","dateModified":"2025-01-23T03:17:22+00:00","description":"Harmoniza\u00e7\u00e3o facial \u00e9 um procedimento que parece ter virado febre principalmente entre os famosos. Entre um preenchimento aqui, um botox ali.","breadcrumb":{"@id":"https:\/\/vinteconto.com.br\/mashein\/harmonizacao-facial-bizarro-ou-legal\/#breadcrumb"},"inLanguage":"pt-BR","potentialAction":[{"@type":"ReadAction","target":["https:\/\/vinteconto.com.br\/mashein\/harmonizacao-facial-bizarro-ou-legal\/"]}]},{"@type":"ImageObject","inLanguage":"pt-BR","@id":"https:\/\/vinteconto.com.br\/mashein\/harmonizacao-facial-bizarro-ou-legal\/#primaryimage","url":"https:\/\/vinteconto.com.br\/mashein\/wp-content\/uploads\/2025\/01\/harmonizacao-facial.jpg","contentUrl":"https:\/\/vinteconto.com.br\/mashein\/wp-content\/uploads\/2025\/01\/harmonizacao-facial.jpg","width":1080,"height":1080,"caption":"Modelo com procedimento de harmoniza\u00e7\u00e3o labial com resultado exagerado"},{"@type":"BreadcrumbList","@id":"https:\/\/vinteconto.com.br\/mashein\/harmonizacao-facial-bizarro-ou-legal\/#breadcrumb","itemListElement":[{"@type":"ListItem","position":1,"name":"Home","item":"https:\/\/vinteconto.com.br\/mashein\/"},{"@type":"ListItem","position":2,"name":"Harmoniza\u00e7\u00e3o Facial: Bizarro ou legal?"}]},{"@type":"WebSite","@id":"https:\/\/vinteconto.com.br\/mashein\/#website","url":"https:\/\/vinteconto.com.br\/mashein\/","name":"Mas Hein","description":"Cultura Pop, Motiva\u00e7\u00e3o e Humor","publisher":{"@id":"https:\/\/vinteconto.com.br\/mashein\/#organization"},"potentialAction":[{"@type":"SearchAction","target":{"@type":"EntryPoint","urlTemplate":"https:\/\/vinteconto.com.br\/mashein\/?s={search_term_string}"},"query-input":{"@type":"PropertyValueSpecification","valueRequired":true,"valueName":"search_term_string"}}],"inLanguage":"pt-BR"},{"@type":"Organization","@id":"https:\/\/vinteconto.com.br\/mashein\/#organization","name":"Mas Hein","url":"https:\/\/vinteconto.com.br\/mashein\/","logo":{"@type":"ImageObject","inLanguage":"pt-BR","@id":"https:\/\/vinteconto.com.br\/mashein\/#\/schema\/logo\/image\/","url":"https:\/\/vinteconto.com.br\/mashein\/wp-content\/uploads\/2025\/01\/mas-hein-logo.png","contentUrl":"https:\/\/vinteconto.com.br\/mashein\/wp-content\/uploads\/2025\/01\/mas-hein-logo.png","width":600,"height":200,"caption":"Mas Hein"},"image":{"@id":"https:\/\/vinteconto.com.br\/mashein\/#\/schema\/logo\/image\/"}},{"@type":"Person","@id":"https:\/\/vinteconto.com.br\/mashein\/#\/schema\/person\/63d07bbf80ce54b780ef230d19b6cd42","name":"Mas Hein","image":{"@type":"ImageObject","inLanguage":"pt-BR","@id":"https:\/\/vinteconto.com.br\/mashein\/#\/schema\/person\/image\/","url":"https:\/\/secure.gravatar.com\/avatar\/26e1357b2fb0ce701e2980a9c996c193?s=96&d=mm&r=g","contentUrl":"https:\/\/secure.gravatar.com\/avatar\/26e1357b2fb0ce701e2980a9c996c193?s=96&d=mm&r=g","caption":"Mas Hein"},"sameAs":["https:\/\/vinteconto.com.br\/mashein"],"url":"https:\/\/vinteconto.com.br\/mashein\/author\/mas-hein\/"}]}},"_links":{"self":[{"href":"https:\/\/vinteconto.com.br\/mashein\/wp-json\/wp\/v2\/posts\/112","targetHints":{"allow":["GET"]}}],"collection":[{"href":"https:\/\/vinteconto.com.br\/mashein\/wp-json\/wp\/v2\/posts"}],"about":[{"href":"https:\/\/vinteconto.com.br\/mashein\/wp-json\/wp\/v2\/types\/post"}],"author":[{"embeddable":true,"href":"https:\/\/vinteconto.com.br\/mashein\/wp-json\/wp\/v2\/users\/1"}],"replies":[{"embeddable":true,"href":"https:\/\/vinteconto.com.br\/mashein\/wp-json\/wp\/v2\/comments?post=112"}],"version-history":[{"count":2,"href":"https:\/\/vinteconto.com.br\/mashein\/wp-json\/wp\/v2\/posts\/112\/revisions"}],"predecessor-version":[{"id":120,"href":"https:\/\/vinteconto.com.br\/mashein\/wp-json\/wp\/v2\/posts\/112\/revisions\/120"}],"wp:featuredmedia":[{"embeddable":true,"href":"https:\/\/vinteconto.com.br\/mashein\/wp-json\/wp\/v2\/media\/114"}],"wp:attachment":[{"href":"https:\/\/vinteconto.com.br\/mashein\/wp-json\/wp\/v2\/media?parent=112"}],"wp:term":[{"taxonomy":"category","embeddable":true,"href":"https:\/\/vinteconto.com.br\/mashein\/wp-json\/wp\/v2\/categories?post=112"},{"taxonomy":"post_tag","embeddable":true,"href":"https:\/\/vinteconto.com.br\/mashein\/wp-json\/wp\/v2\/tags?post=112"}],"curies":[{"name":"wp","href":"https:\/\/api.w.org\/{rel}","templated":true}]}}